{"id":246,"date":"2020-12-21T07:55:00","date_gmt":"2020-12-21T06:55:00","guid":{"rendered":"http:\/\/bizix.premiumthemes.in\/?p=246"},"modified":"2021-01-20T15:41:04","modified_gmt":"2021-01-20T14:41:04","slug":"dobierz-odpowiednia-oferte-dla-siebie","status":"publish","type":"post","link":"https:\/\/espol.com.pl\/?p=246","title":{"rendered":"Zmiany w prawie telekomunikacyjnym."},"content":{"rendered":"<p>W zwi\u0105zku ze zmianami przepis\u00f3w prawa od 21.12.2020 r. w umowach dodajemy postanowienie: &#8222;W przypadku gdy umowa o \u015bwiadczenie us\u0142ug telekomunikacyjnych zawarta na czas okre\u015blony uleg\u0142a automatycznemu przed\u0142u\u017ceniu na czas nieokre\u015blony po okresie jej obowi\u0105zywania, abonentowi przys\u0142uguje prawo do jej wypowiedzenia w ka\u017cdym czasie z zachowaniem miesi\u0119cznego okresu wypowiedzenia. W okresie wypowiedzenia abonent ponosi jedynie koszty \u015bwiadczenia us\u0142ug telekomunikacyjnych obj\u0119tych umow\u0105&#8221;<br \/>\nW przypadku braku akceptacji zmiany, mog\u0105 Pa\u0144stwo wypowiedzie\u0107 umow\u0119 zgodnie z obowi\u0105zuj\u0105cymi regulaminami. Przy rozwi\u0105zaniu umowy na czas okre\u015blony abonent b\u0119dzie zobowi\u0105zany do uiszczenia op\u0142aty z tytu\u0142u udzielonych rabat\u00f3w.<\/p>\n<p><!-- \/wp:paragraph --><\/p>\n","protected":false},"excerpt":{"rendered":"<p>W zwi\u0105zku ze zmianami przepis\u00f3w prawa od 21.12.2020 r. w umowach dodajemy postanowienie: &#8222;W przypadku gdy umowa o \u015bwiadczenie us\u0142ug telekomunikacyjnych zawarta na czas okre\u015blony uleg\u0142a automatycznemu przed\u0142u\u017ceniu na czas nieokre\u015blony po okresie jej obowi\u0105zywania, abonentowi przys\u0142uguje prawo do jej wypowiedzenia w ka\u017cdym czasie z zachowaniem miesi\u0119cznego okresu wypowiedzenia. W [&hellip;]<\/p>\n","protected":false},"author":4,"featured_media":200,"comment_status":"closed","ping_status":"closed","sticky":false,"template":"","format":"standard","meta":[],"categories":[1],"tags":[],"_links":{"self":[{"href":"https:\/\/espol.com.pl\/index.php?rest_route=\/wp\/v2\/posts\/246"}],"collection":[{"href":"https:\/\/espol.com.pl\/index.php?rest_route=\/wp\/v2\/posts"}],"about":[{"href":"https:\/\/espol.com.pl\/index.php?rest_route=\/wp\/v2\/types\/post"}],"author":[{"embeddable":true,"href":"https:\/\/espol.com.pl\/index.php?rest_route=\/wp\/v2\/users\/4"}],"replies":[{"embeddable":true,"href":"https:\/\/espol.com.pl\/index.php?rest_route=%2Fwp%2Fv2%2Fcomments&post=246"}],"version-history":[{"count":13,"href":"https:\/\/espol.com.pl\/index.php?rest_route=\/wp\/v2\/posts\/246\/revisions"}],"predecessor-version":[{"id":3235,"href":"https:\/\/espol.com.pl\/index.php?rest_route=\/wp\/v2\/posts\/246\/revisions\/3235"}],"wp:featuredmedia":[{"embeddable":true,"href":"https:\/\/espol.com.pl\/index.php?rest_route=\/wp\/v2\/media\/200"}],"wp:attachment":[{"href":"https:\/\/espol.com.pl\/index.php?rest_route=%2Fwp%2Fv2%2Fmedia&parent=246"}],"wp:term":[{"taxonomy":"category","embeddable":true,"href":"https:\/\/espol.com.pl\/index.php?rest_route=%2Fwp%2Fv2%2Fcategories&post=246"},{"taxonomy":"post_tag","embeddable":true,"href":"https:\/\/espol.com.pl\/index.php?rest_route=%2Fwp%2Fv2%2Ftags&post=246"}],"curies":[{"name":"wp","href":"https:\/\/api.w.org\/{rel}","templated":true}]}}